{"id":1065,"date":"1999-01-01T00:00:00","date_gmt":"1999-01-01T00:00:00","guid":{"rendered":"https:\/\/nyjaavalon.is\/innsetning-i-heimsthjonustustarf-namskeid-med-else-sildorf\/"},"modified":"2021-04-16T02:24:09","modified_gmt":"2021-04-16T02:24:09","slug":"innsetning-i-heimsthjonustustarf-namskeid-med-else-sildorf","status":"publish","type":"post","link":"https:\/\/nyjaavalon.is\/en\/innsetning-i-heimsthjonustustarf-namskeid-med-else-sildorf\/","title":{"rendered":"Innsetning \u00ed heims\u00fej\u00f3nustustarf &#8211; n\u00e1mskei\u00f0 me\u00f0 Else Sildorf"},"content":{"rendered":"<p>\u00d6llum sem vilja veita a\u00f0sto\u00f0 s\u00edna \u00e1 hagn\u00fdtan andlegan h\u00e1tt er bo\u00f0i\u00f0 upp \u00e1 kennslu til a\u00f0 au\u00f0velda \u00feeim a\u00f0 sinna heilunarstarfi \u00e1 heimsv\u00edsu. \u00c1 n\u00e1mskei\u00f0inu ver\u00f0ur hagn\u00fdt og fr\u00e6\u00f0ileg kennsla um:<\/p>\n<p>* A\u00f0 skilja pl\u00e1netuveruna og heimsheilun.<\/p>\n<p>* Helgistj\u00f3rnina, innri stj\u00f3rn jar\u00f0ar og hlutverk og \u00e1byrg\u00f0 mannkynsins<\/p>\n<p>* Samvinnu vi\u00f0 Avatar Samrunans<\/p>\n<p>* Vinnu me\u00f0 Herranum Maitreya<\/p>\n<p>* A\u00f0 vinna me\u00f0 englum<\/p>\n<p>* Hvernig \u00e1 a\u00f0 stj\u00f3rna Heimsheilunar\u00fej\u00f3nustu<\/p>\n<p>* Hvernig \u00e1 a\u00f0 lei\u00f0a orku<\/p>\n<p>*R\u00e9tt notkun t\u00f3nlistar \u00ed heilun<\/p>\n<p>Kennari er Else Sildorff fr\u00e1 Danm\u00f6rku en h\u00fan lei\u00f0ir starf Gu\u00f0spekisamtakanna \u00ed Kaupmannah\u00f6fn og er ein af stofnendum og a\u00f0alkennurum Gu\u00f0speki-Heilunarsk\u00f3lans \u00fear \u00ed landi.<\/p>\n<p>N\u00e1mskei\u00f0i\u00f0 ver\u00f0ur laugardaginn 13. febr\u00faar kl. 10 &#8211; 18 og er opi\u00f0 \u00f6llum 18 \u00e1ra og eldri. Kennsla fer fram \u00e1 ensku en \u00fe\u00fdtt er \u00e1 \u00edslensku. Skr\u00e1ning \u00e1 skrifstofu og er a\u00f0gangur \u00f3keypis.<\/p>\n","protected":false},"excerpt":{"rendered":"<p>\u00d6llum sem vilja veita a\u00f0sto\u00f0 s\u00edna \u00e1 hagn\u00fdtan andlegan h\u00e1tt er bo\u00f0i\u00f0 upp \u00e1 kennslu til a\u00f0 au\u00f0velda \u00feeim a\u00f0 sinna heilunarstarfi \u00e1 heimsv\u00edsu. \u00c1 n\u00e1mskei\u00f0inu ver\u00f0ur hagn\u00fdt og fr\u00e6\u00f0ileg&#8230;<\/p>\n","protected":false},"author":1,"featured_media":0,"comment_status":"closed","ping_status":"closed","sticky":false,"template":"","format":"standard","meta":{"footnotes":""},"categories":[46],"tags":[],"class_list":{"0":"post-1065","1":"post","2":"type-post","3":"status-publish","4":"format-standard","6":"category-frettir"},"_links":{"self":[{"href":"https:\/\/nyjaavalon.is\/en\/wp-json\/wp\/v2\/posts\/1065","targetHints":{"allow":["GET"]}}],"collection":[{"href":"https:\/\/nyjaavalon.is\/en\/wp-json\/wp\/v2\/posts"}],"about":[{"href":"https:\/\/nyjaavalon.is\/en\/wp-json\/wp\/v2\/types\/post"}],"author":[{"embeddable":true,"href":"https:\/\/nyjaavalon.is\/en\/wp-json\/wp\/v2\/users\/1"}],"replies":[{"embeddable":true,"href":"https:\/\/nyjaavalon.is\/en\/wp-json\/wp\/v2\/comments?post=1065"}],"version-history":[{"count":1,"href":"https:\/\/nyjaavalon.is\/en\/wp-json\/wp\/v2\/posts\/1065\/revisions"}],"predecessor-version":[{"id":1220,"href":"https:\/\/nyjaavalon.is\/en\/wp-json\/wp\/v2\/posts\/1065\/revisions\/1220"}],"wp:attachment":[{"href":"https:\/\/nyjaavalon.is\/en\/wp-json\/wp\/v2\/media?parent=1065"}],"wp:term":[{"taxonomy":"category","embeddable":true,"href":"https:\/\/nyjaavalon.is\/en\/wp-json\/wp\/v2\/categories?post=1065"},{"taxonomy":"post_tag","embeddable":true,"href":"https:\/\/nyjaavalon.is\/en\/wp-json\/wp\/v2\/tags?post=1065"}],"curies":[{"name":"wp","href":"https:\/\/api.w.org\/{rel}","templated":true}]}}