{"id":1036,"date":"1998-05-30T00:00:00","date_gmt":"1998-05-30T00:00:00","guid":{"rendered":"https:\/\/nyjaavalon.is\/ananda-tara-shan-a-islandi-dagskra-a-grand-hoteli\/"},"modified":"2021-04-16T02:24:09","modified_gmt":"2021-04-16T02:24:09","slug":"ananda-tara-shan-a-islandi-dagskra-a-grand-hoteli","status":"publish","type":"post","link":"https:\/\/nyjaavalon.is\/en\/ananda-tara-shan-a-islandi-dagskra-a-grand-hoteli\/","title":{"rendered":"Ananda Tara Shan \u00e1 \u00cdslandi &#8211; Dagskr\u00e1 \u00e1 Grand h\u00f3teli"},"content":{"rendered":"<p>Gu\u00f0spekisamt\u00f6kin standa fyrir dagskr\u00e1 \u00e1 Grand h\u00f3tel Reykjav\u00edk helgina 19. og 20. september. Gestir eru \u00e1stralski gu\u00f0spekikennarinn Ananda Tara Shan sem jafnframt er stofnandi Gu\u00f0spekisamtakanna og Tarajyoti Govinda s\u00e1lfr\u00e6\u00f0ingur og andlegur heilari.\u00a0<\/p>\n<p>Laugardaginn 19. september fr\u00e1 kl. 15 &#8211; 18 mun Ananda Tara Shan segja fr\u00e1 Maitreya og B\u00f6rnum hjartans. S\u00ed\u00f0an svarar h\u00fan spurningum fr\u00e1 \u00fe\u00e1tttakendum. \u00c6tlunin er a\u00f0 skapa afslappa\u00f0 s\u00ed\u00f0degi me\u00f0 samr\u00e6\u00f0um og upplyftandi t\u00f3nlist sem flutt ver\u00f0ur af \u00e1str\u00f6lskum t\u00f3nlistarm\u00f6nnum.\u00a0<\/p>\n","protected":false},"excerpt":{"rendered":"<p>Gu\u00f0spekisamt\u00f6kin standa fyrir dagskr\u00e1 \u00e1 Grand h\u00f3tel Reykjav\u00edk laugardaginn 19. september kl. 11 &#8211; 13 og 15 &#8211; 18. Gestir eru Ananda Tara Shan stofnandi Gu\u00f0spekisamtakanna o.fl.\u00a0<\/p>\n<p>S\u00ed\u00f0degisdagskr\u00e1 fyrir \u00fe\u00e1 sem hafa \u00e1huga \u00e1 n\u00fdju starfi Maitreya \u00e1 j\u00f6r\u00f0inni. \u00deennan eftirmi\u00f0dag mun Ananda Tara Shan segja nokkur or\u00f0 um Herrann Maitreya og b\u00f6rn hjartans. A\u00f0 \u00fev\u00ed b\u00fanu er h\u00e6gt a\u00f0 bera upp spurningar um andleg m\u00e1lefni. \u00c6tlunin er a\u00f0 skapa afslappa\u00f0 s\u00ed\u00f0degi me\u00f0 samr\u00e6\u00f0um og upplyftandi t\u00f3nlist sem flutt ver\u00f0ur af \u00e1str\u00f6lskum t\u00f3nlistarm\u00f6nnum.<\/p>\n<p>Sunnudaginn 20. september kl. 15 lei\u00f0ir Ananda Tara Shan heilunar\u00fej\u00f3nustu \u00e1 Grand h\u00f3tel Reykjav\u00edk. \u00d6llum sem hl\u00fd\u00f0a \u00e1 An\u00f6ndu \u00e1 laugardeginum er bo\u00f0i\u00f0 a\u00f0 taka \u00fe\u00e1tt.<\/p>\n<p>\u00c1rdegisdagskr\u00e1 me\u00f0 Tarajyoti Govinda rith\u00f6fundi, s\u00e1lfr\u00e6\u00f0ingi og andlegum heilara. fr\u00e1 kl. 11 &#8211; 13 \u00feann 19. september. Tarajyoti mun halda erindi\u00f0 Kreppa jar\u00f0arinnar; englar\u00edki\u00f0 og viska frumbyggja.<\/p>\n<p>Kennsla Gu\u00f0spekisamtakanna er \u00f3keypis. A\u00f0gangseyrir kr. 300 er til a\u00f0 standa straum af leigu \u00e1 h\u00fasn\u00e6\u00f0i og augl\u00fdsingum.\u00a0<\/p>\n","protected":false},"author":1,"featured_media":1037,"comment_status":"closed","ping_status":"closed","sticky":false,"template":"","format":"standard","meta":{"footnotes":""},"categories":[46],"tags":[],"class_list":{"0":"post-1036","1":"post","2":"type-post","3":"status-publish","4":"format-standard","5":"has-post-thumbnail","7":"category-frettir"},"_links":{"self":[{"href":"https:\/\/nyjaavalon.is\/en\/wp-json\/wp\/v2\/posts\/1036","targetHints":{"allow":["GET"]}}],"collection":[{"href":"https:\/\/nyjaavalon.is\/en\/wp-json\/wp\/v2\/posts"}],"about":[{"href":"https:\/\/nyjaavalon.is\/en\/wp-json\/wp\/v2\/types\/post"}],"author":[{"embeddable":true,"href":"https:\/\/nyjaavalon.is\/en\/wp-json\/wp\/v2\/users\/1"}],"replies":[{"embeddable":true,"href":"https:\/\/nyjaavalon.is\/en\/wp-json\/wp\/v2\/comments?post=1036"}],"version-history":[{"count":1,"href":"https:\/\/nyjaavalon.is\/en\/wp-json\/wp\/v2\/posts\/1036\/revisions"}],"predecessor-version":[{"id":1223,"href":"https:\/\/nyjaavalon.is\/en\/wp-json\/wp\/v2\/posts\/1036\/revisions\/1223"}],"wp:featuredmedia":[{"embeddable":true,"href":"https:\/\/nyjaavalon.is\/en\/wp-json\/wp\/v2\/media\/1037"}],"wp:attachment":[{"href":"https:\/\/nyjaavalon.is\/en\/wp-json\/wp\/v2\/media?parent=1036"}],"wp:term":[{"taxonomy":"category","embeddable":true,"href":"https:\/\/nyjaavalon.is\/en\/wp-json\/wp\/v2\/categories?post=1036"},{"taxonomy":"post_tag","embeddable":true,"href":"https:\/\/nyjaavalon.is\/en\/wp-json\/wp\/v2\/tags?post=1036"}],"curies":[{"name":"wp","href":"https:\/\/api.w.org\/{rel}","templated":true}]}}